{"id":1124,"date":"2021-06-28T14:09:48","date_gmt":"2021-06-28T12:09:48","guid":{"rendered":"https:\/\/www.cablabel.com\/fr\/?p=1124"},"modified":"2025-03-26T09:42:46","modified_gmt":"2025-03-26T08:42:46","slug":"interpretation-code-a-barres","status":"publish","type":"post","link":"https:\/\/www.cablabel.com\/fr\/2021\/06\/28\/interpretation-code-a-barres\/","title":{"rendered":"Comment personnaliser l\u2019interpr\u00e9tation d\u2019un code \u00e0 barres ?"},"content":{"rendered":"\n<p>L\u2019interpr\u00e9tation correspond au texte plac\u00e9 g\u00e9n\u00e9ralement sous le code \u00e0 barres, afin de nous r\u00e9v\u00e9ler son contenu de mani\u00e8re lisible. Elle fait partie int\u00e9grante du code \u00e0 barres et s\u2019adapte automatiquement en fonction des dimensions d\u00e9finies \u00e0 l\u2019objet dans le concepteur graphique de cablabel S3. Il n\u2019est donc pas possible de d\u00e9placer ou param\u00e9trer cette interpr\u00e9tation directement.<\/p>\n\n\n\n<p>Voici comment vous pouvez s\u00e9parer et personnaliser l\u2019interpr\u00e9tation d\u2019un code \u00e0 barres&nbsp;:<\/p>\n\n\n\n<ol class=\"wp-block-list\"><li>D\u00e9sactiver d\u2019abord l\u2019interpr\u00e9tation dans les propri\u00e9t\u00e9s du code \u00e0 barres.<\/li><\/ol>\n\n\n\n<figure class=\"wp-block-image size-large\"><a href=\"http:\/\/www.cablabel.com\/fr\/wp-content\/uploads\/sites\/3\/2021\/06\/Barcode_properties_fr.png\"><img loading=\"lazy\" decoding=\"async\" width=\"635\" height=\"270\" src=\"http:\/\/www.cablabel.com\/fr\/wp-content\/uploads\/sites\/3\/2021\/06\/Barcode_properties_fr.png\" alt=\"Propri\u00e9t\u00e9s du code \u00e0 barres\" class=\"wp-image-1127\" title=\"Propri\u00e9t\u00e9s du code \u00e0 barres\" srcset=\"https:\/\/www.cablabel.com\/fr\/wp-content\/uploads\/sites\/3\/2021\/06\/Barcode_properties_fr.png 635w, https:\/\/www.cablabel.com\/fr\/wp-content\/uploads\/sites\/3\/2021\/06\/Barcode_properties_fr-300x128.png 300w, https:\/\/www.cablabel.com\/fr\/wp-content\/uploads\/sites\/3\/2021\/06\/Barcode_properties_fr-500x213.png 500w\" sizes=\"auto, (max-width: 635px) 100vw, 635px\" \/><\/a><\/figure>\n\n\n\n<ol class=\"wp-block-list\" start=\"2\"><li>Cr\u00e9er ensuite un nouvel objet texte, ayant comme source de donn\u00e9es le code \u00e0 barres. Cet objet texte est maintenant li\u00e9 au code \u00e0 barres et prend automatiquement sa valeur.<\/li><\/ol>\n\n\n\n<figure class=\"wp-block-image size-large\"><a href=\"http:\/\/www.cablabel.com\/fr\/wp-content\/uploads\/sites\/3\/2021\/06\/Text_datasource_fr.png\"><img loading=\"lazy\" decoding=\"async\" width=\"635\" height=\"400\" src=\"http:\/\/www.cablabel.com\/fr\/wp-content\/uploads\/sites\/3\/2021\/06\/Text_datasource_fr.png\" alt=\"Source de donn\u00e9es du texte\" class=\"wp-image-1131\" title=\"Source de donn\u00e9es du texte\" srcset=\"https:\/\/www.cablabel.com\/fr\/wp-content\/uploads\/sites\/3\/2021\/06\/Text_datasource_fr.png 635w, https:\/\/www.cablabel.com\/fr\/wp-content\/uploads\/sites\/3\/2021\/06\/Text_datasource_fr-300x189.png 300w, https:\/\/www.cablabel.com\/fr\/wp-content\/uploads\/sites\/3\/2021\/06\/Text_datasource_fr-476x300.png 476w\" sizes=\"auto, (max-width: 635px) 100vw, 635px\" \/><\/a><\/figure>\n\n\n\n<ol class=\"wp-block-list\" start=\"3\"><li>Finalement, d\u00e9placer ou param\u00e9trer ce nouveau texte dans l\u2019\u00e9tiquette \u00e0 votre guise.<\/li><\/ol>\n\n\n\n<figure class=\"wp-block-image size-large\"><a href=\"http:\/\/www.cablabel.com\/fr\/wp-content\/uploads\/sites\/3\/2021\/06\/Text_objet.png\"><img loading=\"lazy\" decoding=\"async\" width=\"1024\" height=\"411\" src=\"http:\/\/www.cablabel.com\/fr\/wp-content\/uploads\/sites\/3\/2021\/06\/Text_objet-1024x411.png\" alt=\"Nouvel objet texte\" class=\"wp-image-1135\" title=\"Nouvel objet texte\" srcset=\"https:\/\/www.cablabel.com\/fr\/wp-content\/uploads\/sites\/3\/2021\/06\/Text_objet-1024x411.png 1024w, https:\/\/www.cablabel.com\/fr\/wp-content\/uploads\/sites\/3\/2021\/06\/Text_objet-300x120.png 300w, https:\/\/www.cablabel.com\/fr\/wp-content\/uploads\/sites\/3\/2021\/06\/Text_objet-768x308.png 768w, https:\/\/www.cablabel.com\/fr\/wp-content\/uploads\/sites\/3\/2021\/06\/Text_objet-500x201.png 500w, https:\/\/www.cablabel.com\/fr\/wp-content\/uploads\/sites\/3\/2021\/06\/Text_objet.png 1500w\" sizes=\"auto, (max-width: 1024px) 100vw, 1024px\" \/><\/a><\/figure>\n\n\n\n<hr class=\"wp-block-separator has-text-color has-background has-blue-background-color has-blue-color is-style-default\" \/>\n\n\n\n<p>Pour aller plus loin, il est \u00e9galement possible d\u2019inverser les r\u00f4les du code \u00e0 barres et de l\u2019objet texte. \u00c0 savoir, de s\u00e9lectionner cette fois-ci l\u2019objet texte comme source de donn\u00e9es du code \u00e0 barres. Ceci permet notamment d\u2019avoir une seule source de donn\u00e9es en commun pour tous les codes \u00e0 barres de cette \u00e9tiquette, \u00e9vitant ainsi la modification individuelle de la valeur dans les propri\u00e9t\u00e9s de chaque code \u00e0 barres.<\/p>\n\n\n\n<figure class=\"wp-block-image size-large\"><a href=\"http:\/\/www.cablabel.com\/fr\/wp-content\/uploads\/sites\/3\/2021\/06\/Barcode_datasource_fr.png\"><img loading=\"lazy\" decoding=\"async\" width=\"635\" height=\"365\" src=\"http:\/\/www.cablabel.com\/fr\/wp-content\/uploads\/sites\/3\/2021\/06\/Barcode_datasource_fr.png\" alt=\"Source de donn\u00e9es du code \u00e0 barres\" class=\"wp-image-1138\" title=\"Source de donn\u00e9es du code \u00e0 barres\" srcset=\"https:\/\/www.cablabel.com\/fr\/wp-content\/uploads\/sites\/3\/2021\/06\/Barcode_datasource_fr.png 635w, https:\/\/www.cablabel.com\/fr\/wp-content\/uploads\/sites\/3\/2021\/06\/Barcode_datasource_fr-300x172.png 300w, https:\/\/www.cablabel.com\/fr\/wp-content\/uploads\/sites\/3\/2021\/06\/Barcode_datasource_fr-500x287.png 500w\" sizes=\"auto, (max-width: 635px) 100vw, 635px\" \/><\/a><\/figure>\n\n\n\n<p>Attention&nbsp;: dans ce deuxi\u00e8me cas, il faut que la valeur renseign\u00e9e dans l\u2019objet texte soit conforme aux capacit\u00e9s du code \u00e0 barres. Sinon cela risque d\u2019engendrer des erreurs dans cablabel S3 ou sur l\u2019imprimante, car le code \u00e0 barres ne pourra pas \u00eatre affich\u00e9 \u00e0 l\u2019\u00e9cran ou imprim\u00e9 sur l\u2019\u00e9tiquette.<\/p>\n\n\n\n<p>T\u00e9l\u00e9charger les fichiers exemple pour cablabel S3 Lite et Pro :<\/p>\n\n\n\n<ul class=\"wp-block-list\"><li><a href=\"https:\/\/www.cab.de\/ftp\/media\/cablabel\/Text_source_barcode.stc\" target=\"_blank\" rel=\"noreferrer noopener\"><strong>Objet texte ayant comme source le code \u00e0 barres<\/strong> (STC, 170 Ko)<\/a><\/li><li><a href=\"https:\/\/www.cab.de\/ftp\/media\/cablabel\/Barcode_source_text.stc\" target=\"_blank\" rel=\"noreferrer noopener\"><strong>Code \u00e0 barres ayant comme source l&rsquo;objet texte<\/strong> (STC, 190 Ko)<\/a><\/li><\/ul>\n\n\n\n<p><\/p>\n","protected":false},"excerpt":{"rendered":"<p>L\u2019interpr\u00e9tation correspond au texte plac\u00e9 g\u00e9n\u00e9ralement sous le code \u00e0 barres, afin de nous r\u00e9v\u00e9ler son contenu de mani\u00e8re lisible. Elle fait partie int\u00e9grante du code \u00e0 barres et s\u2019adapte automatiquement en fonction des dimensions d\u00e9finies \u00e0 l\u2019objet dans le &hellip; <a href=\"https:\/\/www.cablabel.com\/fr\/2021\/06\/28\/interpretation-code-a-barres\/\">Continuer la lecture <span class=\"meta-nav\">&rarr;<\/span><\/a><\/p>\n","protected":false},"author":5,"featured_media":0,"comment_status":"closed","ping_status":"closed","sticky":false,"template":"","format":"standard","meta":{"footnotes":""},"categories":[26,9],"tags":[21,47],"class_list":["post-1124","post","type-post","status-publish","format-standard","hentry","category-conception","category-exemples","tag-code-a-barres","tag-interpretation"],"_links":{"self":[{"href":"https:\/\/www.cablabel.com\/fr\/wp-json\/wp\/v2\/posts\/1124","targetHints":{"allow":["GET"]}}],"collection":[{"href":"https:\/\/www.cablabel.com\/fr\/wp-json\/wp\/v2\/posts"}],"about":[{"href":"https:\/\/www.cablabel.com\/fr\/wp-json\/wp\/v2\/types\/post"}],"author":[{"embeddable":true,"href":"https:\/\/www.cablabel.com\/fr\/wp-json\/wp\/v2\/users\/5"}],"replies":[{"embeddable":true,"href":"https:\/\/www.cablabel.com\/fr\/wp-json\/wp\/v2\/comments?post=1124"}],"version-history":[{"count":18,"href":"https:\/\/www.cablabel.com\/fr\/wp-json\/wp\/v2\/posts\/1124\/revisions"}],"predecessor-version":[{"id":1153,"href":"https:\/\/www.cablabel.com\/fr\/wp-json\/wp\/v2\/posts\/1124\/revisions\/1153"}],"wp:attachment":[{"href":"https:\/\/www.cablabel.com\/fr\/wp-json\/wp\/v2\/media?parent=1124"}],"wp:term":[{"taxonomy":"category","embeddable":true,"href":"https:\/\/www.cablabel.com\/fr\/wp-json\/wp\/v2\/categories?post=1124"},{"taxonomy":"post_tag","embeddable":true,"href":"https:\/\/www.cablabel.com\/fr\/wp-json\/wp\/v2\/tags?post=1124"}],"curies":[{"name":"wp","href":"https:\/\/api.w.org\/{rel}","templated":true}]}}