{"id":1191,"date":"2022-08-10T10:57:00","date_gmt":"2022-08-10T08:57:00","guid":{"rendered":"https:\/\/www.cablabel.com\/fr\/?p=1191"},"modified":"2025-03-26T09:41:56","modified_gmt":"2025-03-26T08:41:56","slug":"connexion-vers-un-fichier-de-donnees-csv","status":"publish","type":"post","link":"https:\/\/www.cablabel.com\/fr\/2022\/08\/10\/connexion-vers-un-fichier-de-donnees-csv\/","title":{"rendered":"Connexion vers un fichier de donn\u00e9es CSV"},"content":{"rendered":"\n<p>Vous souhaitez utiliser les donn\u00e9es d\u2019un fichier CSV&nbsp;dans cablabel S3 Pro ? Voici les principales \u00e9tapes pour configurer cette connexion sp\u00e9cifique.<\/p>\n\n\n\n<p>Attention&nbsp;: Microsoft Office associe par exemple les fichiers CSV avec Excel, bien que ce ne soit pas le m\u00eame format que les fichiers XLS ou XLSX. Pour cette raison, il n\u2019est pas possible d\u2019utiliser dans cablabel S3 Pro une connexion Excel pour se connecter \u00e0 un fichier CSV.<\/p>\n\n\n\n<strong><ol><li>Pr\u00e9parer le r\u00e9pertoire h\u00f4te du fichier CSV<\/li><\/ol><\/strong>\n\n\n\n<p>D\u00e9finir le dossier h\u00e9bergeant le fichier CSV, puis copier ou cr\u00e9er le fichier \u00ab&nbsp;schema.ini&nbsp;\u00bb dans ce m\u00eame dossier.<\/p>\n\n\n\n<figure class=\"wp-block-image size-full\"><a href=\"https:\/\/www.cablabel.com\/fr\/wp-content\/uploads\/sites\/3\/2022\/07\/Directory_fr.png\"><img loading=\"lazy\" decoding=\"async\" width=\"668\" height=\"262\" src=\"https:\/\/www.cablabel.com\/fr\/wp-content\/uploads\/sites\/3\/2022\/07\/Directory_fr.png\" alt=\"R\u00e9pertoire h\u00f4te\" class=\"wp-image-1197\" title=\"R\u00e9pertoire h\u00f4te\" srcset=\"https:\/\/www.cablabel.com\/fr\/wp-content\/uploads\/sites\/3\/2022\/07\/Directory_fr.png 668w, https:\/\/www.cablabel.com\/fr\/wp-content\/uploads\/sites\/3\/2022\/07\/Directory_fr-300x118.png 300w, https:\/\/www.cablabel.com\/fr\/wp-content\/uploads\/sites\/3\/2022\/07\/Directory_fr-500x196.png 500w\" sizes=\"auto, (max-width: 668px) 100vw, 668px\" \/><\/a><\/figure>\n\n\n\n<p>Le fichier \u00ab&nbsp;schema.ini&nbsp;\u00bb, modifiable avec un \u00e9diteur de texte, contient la structure du fichier de donn\u00e9es CSV et doit toujours rester dans le m\u00eame dossier que celui-ci.<\/p>\n\n\n<div class=\"wp-block-image\">\n<figure class=\"aligncenter size-full\"><img loading=\"lazy\" decoding=\"async\" width=\"340\" height=\"181\" src=\"https:\/\/www.cablabel.com\/fr\/wp-content\/uploads\/sites\/3\/2022\/07\/Schema.png\" alt=\"schema.ini\" class=\"wp-image-1200\" title=\"schema.ini\" srcset=\"https:\/\/www.cablabel.com\/fr\/wp-content\/uploads\/sites\/3\/2022\/07\/Schema.png 340w, https:\/\/www.cablabel.com\/fr\/wp-content\/uploads\/sites\/3\/2022\/07\/Schema-300x160.png 300w\" sizes=\"auto, (max-width: 340px) 100vw, 340px\" \/><\/figure>\n<\/div>\n\n\n<ul class=\"wp-block-list\">\n<li>[filename.csv]\u00a0\u21d2 Nom et extension du fichier de donn\u00e9es.<\/li>\n\n\n\n<li>ColNameHeader\u00a0\u21d2 \u00ab\u00a0True\u00a0\u00bb ou \u00ab\u00a0False\u00a0\u00bb pour indiquer si la 1<sup>\u00e8re<\/sup> ligne de donn\u00e9es contient ou non le nom des colonnes.<\/li>\n\n\n\n<li>Format \u21d2 Caract\u00e8re qui d\u00e9limite les colonnes. Par exemple \u00ab\u00a0TabDelimited\u00a0\u00bb pour le caract\u00e8re de tabulation, \u00ab\u00a0CSVDelimited\u00a0\u00bb pour la virgule ou \u00ab\u00a0Delimited(;)\u00a0\u00bb pour tout autre caract\u00e8re \u00e0 l\u2019exception des guillemets doubles (<code>\"<\/code>).<\/li>\n\n\n\n<li>MaxScanRows \u21d2 Nombre de lignes \u00e0 analyser pour d\u00e9terminer les types de colonnes, avec \u00ab\u00a00\u00a0\u00bb pour analyser l\u2019ensemble du fichier.<\/li>\n\n\n\n<li>CharacterSet \u21d2 Encodage du fichier CSV. Par exemple \u00ab\u00a0ANSI\u00a0\u00bb par d\u00e9faut ou \u00ab\u00a065001\u00a0\u00bb pour UTF-8.<\/li>\n\n\n\n<li>Col<em>n<\/em> \u21d2 Nom de la colonne \u00ab\u00a0<em>n<\/em>\u00a0\u00bb ainsi que le type et la longueur de ses donn\u00e9es. Pour cablabel S3 Pro, les donn\u00e9es brutes sous forme de texte sont \u00e0 privil\u00e9gier.<\/li>\n<\/ul>\n\n\n\n<strong><ol start=\"2\"><li>Configurer l\u2019Administrateur de source de donn\u00e9es ODBC dans Windows<\/li><\/ol><\/strong>\n\n\n\n<p>D\u00e9marrer l\u2019outil \u00ab&nbsp;C:\\Windows\\SysWOW64\\odbcad32.exe&nbsp;\u00bb pour Windows en 64 bits ou \u00ab&nbsp;C:\\Windows\\System32\\odbcad32.exe&nbsp;\u00bb pour Windows en 32 bits.<\/p>\n\n\n<div class=\"wp-block-image\">\n<figure class=\"aligncenter size-full\"><img loading=\"lazy\" decoding=\"async\" width=\"96\" height=\"105\" src=\"https:\/\/www.cablabel.com\/fr\/wp-content\/uploads\/sites\/3\/2022\/07\/odbcad32_icon.png\" alt=\"odbcad32.exe\" class=\"wp-image-1216\" title=\"odbcad32.exe\" \/><\/figure>\n<\/div>\n\n\n<p>Puis ajouter une nouvelle \u00ab&nbsp;Source de donn\u00e9es syst\u00e8me&nbsp;\u00bb et s\u00e9lectionner le pilote \u00ab Microsoft Text Driver (*.txt ; *.csv) \u00bb.<\/p>\n\n\n\n<figure class=\"wp-block-image size-full\"><a href=\"https:\/\/www.cablabel.com\/fr\/wp-content\/uploads\/sites\/3\/2022\/07\/odbcad32_fr.png\"><img loading=\"lazy\" decoding=\"async\" width=\"608\" height=\"446\" src=\"https:\/\/www.cablabel.com\/fr\/wp-content\/uploads\/sites\/3\/2022\/07\/odbcad32_fr.png\" alt=\"Administrateur de source de donn\u00e9es ODBC\" class=\"wp-image-1221\" title=\"Administrateur de source de donn\u00e9es ODBC\" srcset=\"https:\/\/www.cablabel.com\/fr\/wp-content\/uploads\/sites\/3\/2022\/07\/odbcad32_fr.png 608w, https:\/\/www.cablabel.com\/fr\/wp-content\/uploads\/sites\/3\/2022\/07\/odbcad32_fr-300x220.png 300w, https:\/\/www.cablabel.com\/fr\/wp-content\/uploads\/sites\/3\/2022\/07\/odbcad32_fr-409x300.png 409w\" sizes=\"auto, (max-width: 608px) 100vw, 608px\" \/><\/a><\/figure>\n\n\n\n<ul class=\"wp-block-list\">\n<li>Nom de la source de donn\u00e9es \u21d2 Saisir un nom libre.<\/li>\n\n\n\n<li>Description \u21d2 Facultative.<\/li>\n\n\n\n<li>R\u00e9pertoire \u21d2 D\u00e9cocher \u00ab\u00a0Utilisation du r\u00e9pertoire en cours\u00a0\u00bb et \u00ab\u00a0S\u00e9lectionner le r\u00e9pertoire\u00a0\u00bb pr\u00e9par\u00e9 \u00e0 l\u2019\u00e9tape 1.<\/li>\n<\/ul>\n\n\n\n<strong><ol start=\"3\"><li>Configurer la cha\u00eene de connexion dans cablabel S3 Pro<\/li><\/ol><\/strong>\n\n\n\n<p>Ajouter dans l\u2019\u00e9tiquette une connexion OLE DB et cliquer sur le bouton \u00ab&nbsp;\u2026&nbsp;\u00bb pour d\u00e9marrer l&rsquo;assistant de configuration de cha\u00eene.<\/p>\n\n\n\n<figure class=\"wp-block-image size-full\"><a href=\"https:\/\/www.cablabel.com\/fr\/wp-content\/uploads\/sites\/3\/2022\/07\/Connection-01_fr.png\"><img loading=\"lazy\" decoding=\"async\" width=\"935\" height=\"319\" src=\"https:\/\/www.cablabel.com\/fr\/wp-content\/uploads\/sites\/3\/2022\/07\/Connection-01_fr.png\" alt=\"Cha\u00eene de connexion\" class=\"wp-image-1229\" title=\"Cha\u00eene de connexion\" srcset=\"https:\/\/www.cablabel.com\/fr\/wp-content\/uploads\/sites\/3\/2022\/07\/Connection-01_fr.png 935w, https:\/\/www.cablabel.com\/fr\/wp-content\/uploads\/sites\/3\/2022\/07\/Connection-01_fr-300x102.png 300w, https:\/\/www.cablabel.com\/fr\/wp-content\/uploads\/sites\/3\/2022\/07\/Connection-01_fr-768x262.png 768w, https:\/\/www.cablabel.com\/fr\/wp-content\/uploads\/sites\/3\/2022\/07\/Connection-01_fr-500x171.png 500w\" sizes=\"auto, (max-width: 935px) 100vw, 935px\" \/><\/a><\/figure>\n\n\n\n<p>S\u00e9lectionner ensuite le fournisseur \u00ab&nbsp;Microsoft OLE DB Provider for ODBC Drivers&nbsp;\u00bb et utiliser la source de donn\u00e9es configur\u00e9es \u00e0 l\u2019\u00e9tape 2.<\/p>\n\n\n\n<div class=\"wp-block-columns is-layout-flex wp-container-core-columns-is-layout-9d6595d7 wp-block-columns-is-layout-flex\">\n<div class=\"wp-block-column is-layout-flow wp-block-column-is-layout-flow\" style=\"flex-basis:50%\">\n<figure class=\"wp-block-image size-full\"><a href=\"https:\/\/www.cablabel.com\/fr\/wp-content\/uploads\/sites\/3\/2022\/07\/Provider-01_fr.png\"><img loading=\"lazy\" decoding=\"async\" width=\"377\" height=\"474\" src=\"https:\/\/www.cablabel.com\/fr\/wp-content\/uploads\/sites\/3\/2022\/07\/Provider-01_fr.png\" alt=\"Fournisseur\" class=\"wp-image-1233\" title=\"Fournisseur\" srcset=\"https:\/\/www.cablabel.com\/fr\/wp-content\/uploads\/sites\/3\/2022\/07\/Provider-01_fr.png 377w, https:\/\/www.cablabel.com\/fr\/wp-content\/uploads\/sites\/3\/2022\/07\/Provider-01_fr-239x300.png 239w\" sizes=\"auto, (max-width: 377px) 100vw, 377px\" \/><\/a><\/figure>\n<\/div>\n\n\n\n<div class=\"wp-block-column is-layout-flow wp-block-column-is-layout-flow\" style=\"flex-basis:50%\">\n<figure class=\"wp-block-image size-full\"><a href=\"https:\/\/www.cablabel.com\/fr\/wp-content\/uploads\/sites\/3\/2022\/07\/Provider-02_fr.png\"><img loading=\"lazy\" decoding=\"async\" width=\"377\" height=\"474\" src=\"https:\/\/www.cablabel.com\/fr\/wp-content\/uploads\/sites\/3\/2022\/07\/Provider-02_fr.png\" alt=\"Connexion\" class=\"wp-image-1234\" title=\"Connexion\" srcset=\"https:\/\/www.cablabel.com\/fr\/wp-content\/uploads\/sites\/3\/2022\/07\/Provider-02_fr.png 377w, https:\/\/www.cablabel.com\/fr\/wp-content\/uploads\/sites\/3\/2022\/07\/Provider-02_fr-239x300.png 239w\" sizes=\"auto, (max-width: 377px) 100vw, 377px\" \/><\/a><\/figure>\n<\/div>\n<\/div>\n\n\n\n<p>Finalement, cr\u00e9er la requ\u00eate de donn\u00e9es comme habituellement. Apr\u00e8s cela, les donn\u00e9es du fichier CSV peuvent \u00eatre exploit\u00e9es par les objets de l&rsquo;\u00e9tiquette.<\/p>\n\n\n\n<figure class=\"wp-block-image size-full\"><a href=\"https:\/\/www.cablabel.com\/fr\/wp-content\/uploads\/sites\/3\/2022\/07\/Connection-02_fr.png\"><img loading=\"lazy\" decoding=\"async\" width=\"935\" height=\"521\" src=\"https:\/\/www.cablabel.com\/fr\/wp-content\/uploads\/sites\/3\/2022\/07\/Connection-02_fr.png\" alt=\"Requ\u00eate de donn\u00e9es\" class=\"wp-image-1235\" title=\"Requ\u00eate de donn\u00e9es\" srcset=\"https:\/\/www.cablabel.com\/fr\/wp-content\/uploads\/sites\/3\/2022\/07\/Connection-02_fr.png 935w, https:\/\/www.cablabel.com\/fr\/wp-content\/uploads\/sites\/3\/2022\/07\/Connection-02_fr-300x167.png 300w, https:\/\/www.cablabel.com\/fr\/wp-content\/uploads\/sites\/3\/2022\/07\/Connection-02_fr-768x428.png 768w, https:\/\/www.cablabel.com\/fr\/wp-content\/uploads\/sites\/3\/2022\/07\/Connection-02_fr-500x279.png 500w\" sizes=\"auto, (max-width: 935px) 100vw, 935px\" \/><\/a><\/figure>\n\n\n\n<p>T\u00e9l\u00e9charger le fichier exemple pour cablabel S3 Pro :<\/p>\n\n\n\n<ul class=\"wp-block-list\">\n<li><a href=\"https:\/\/www.cab.de\/ftp\/media\/cablabel\/squix_4.zip\"><strong>SQUIX 4<\/strong> (ZIP, 75 Ko)<\/a><\/li>\n<\/ul>\n","protected":false},"excerpt":{"rendered":"<p>Vous souhaitez utiliser les donn\u00e9es d\u2019un fichier CSV&nbsp;dans cablabel S3 Pro ? Voici les principales \u00e9tapes pour configurer cette connexion sp\u00e9cifique. Attention&nbsp;: Microsoft Office associe par exemple les fichiers CSV avec Excel, bien que ce ne soit pas le m\u00eame &hellip; <a href=\"https:\/\/www.cablabel.com\/fr\/2022\/08\/10\/connexion-vers-un-fichier-de-donnees-csv\/\">Continuer la lecture <span class=\"meta-nav\">&rarr;<\/span><\/a><\/p>\n","protected":false},"author":5,"featured_media":0,"comment_status":"closed","ping_status":"closed","sticky":false,"template":"","format":"standard","meta":{"footnotes":""},"categories":[26,9],"tags":[35,41],"class_list":["post-1191","post","type-post","status-publish","format-standard","hentry","category-conception","category-exemples","tag-base-de-donnees","tag-connexion"],"_links":{"self":[{"href":"https:\/\/www.cablabel.com\/fr\/wp-json\/wp\/v2\/posts\/1191","targetHints":{"allow":["GET"]}}],"collection":[{"href":"https:\/\/www.cablabel.com\/fr\/wp-json\/wp\/v2\/posts"}],"about":[{"href":"https:\/\/www.cablabel.com\/fr\/wp-json\/wp\/v2\/types\/post"}],"author":[{"embeddable":true,"href":"https:\/\/www.cablabel.com\/fr\/wp-json\/wp\/v2\/users\/5"}],"replies":[{"embeddable":true,"href":"https:\/\/www.cablabel.com\/fr\/wp-json\/wp\/v2\/comments?post=1191"}],"version-history":[{"count":44,"href":"https:\/\/www.cablabel.com\/fr\/wp-json\/wp\/v2\/posts\/1191\/revisions"}],"predecessor-version":[{"id":1325,"href":"https:\/\/www.cablabel.com\/fr\/wp-json\/wp\/v2\/posts\/1191\/revisions\/1325"}],"wp:attachment":[{"href":"https:\/\/www.cablabel.com\/fr\/wp-json\/wp\/v2\/media?parent=1191"}],"wp:term":[{"taxonomy":"category","embeddable":true,"href":"https:\/\/www.cablabel.com\/fr\/wp-json\/wp\/v2\/categories?post=1191"},{"taxonomy":"post_tag","embeddable":true,"href":"https:\/\/www.cablabel.com\/fr\/wp-json\/wp\/v2\/tags?post=1191"}],"curies":[{"name":"wp","href":"https:\/\/api.w.org\/{rel}","templated":true}]}}