{"id":159,"date":"2015-12-17T14:21:00","date_gmt":"2015-12-17T13:21:00","guid":{"rendered":"http:\/\/www.cablabel.com\/fr\/?p=159"},"modified":"2025-03-26T09:47:56","modified_gmt":"2025-03-26T08:47:56","slug":"arriere-plan-pour-etiquette-pre-imprimee","status":"publish","type":"post","link":"https:\/\/www.cablabel.com\/fr\/2015\/12\/17\/arriere-plan-pour-etiquette-pre-imprimee\/","title":{"rendered":"Arri\u00e8re-plan pour \u00e9tiquette pr\u00e9-imprim\u00e9e"},"content":{"rendered":"<p>L\u2019insertion d\u2019une image en arri\u00e8re-plan dans cablabel S3, vous permet de positionner plus facilement les objets sur une \u00e9tiquette pr\u00e9-imprim\u00e9e, et aussi d\u2019avoir un meilleur aper\u00e7u du r\u00e9sultat final.<\/p>\n<p>Pour ins\u00e9rer rapidement une image :<br \/>\n1) Il faut que le ratio des dimensions de l\u2019image num\u00e9ris\u00e9e, corresponde au ratio de la taille de l\u2019\u00e9tiquette.<br \/>\n2) Puis simplement ins\u00e9rer l\u2019image en arri\u00e8re-plan en position \u00ab Etir\u00e9 \u00bb.<\/p>\n<p><img loading=\"lazy\" decoding=\"async\" width=\"600\" height=\"439\" title=\"Arri\u00e8re-plan pour \u00e9tiquette pr\u00e9-imprim\u00e9e\" alt=\"Arri\u00e8re-plan pour \u00e9tiquette pr\u00e9-imprim\u00e9e\" src=\"https:\/\/www.cablabel.com\/fr\/wp-content\/uploads\/sites\/3\/2015\/12\/background_cablabel_600_fr.jpg\"><\/p>\n<p>Attention : si les deux ratios des dimensions sont diff\u00e9rents, l\u2019image ins\u00e9r\u00e9e dans l\u2019\u00e9tiquette sera d\u00e9form\u00e9e.<\/p>\n<p>Cette \u00e9tiquette \u00ab cabPainting.stc \u00bb est disponible dans le dossier des mod\u00e8les fournis avec votre version de cablabel S3 Lite et Pro.<\/p>\n<p>Pour voir la description compl\u00e8te des \u00e9tapes ou pour une insertion sp\u00e9cifique en d\u2019autres positions, t\u00e9l\u00e9charger le guide d\u00e9taill\u00e9 :<\/p>\n<ul>\n<li><a href=\"https:\/\/www.cab.de\/ftp\/media\/cablabel\/background_cablabel_fr.pdf\" target=\"_blank\" rel=\"noopener noreferrer\"><strong>Insertion d&rsquo;un arri\u00e8re-plan pour une \u00e9tiquette pr\u00e9-imprim\u00e9e<\/strong> (PDF, 3.2 Mo)<\/a><\/li>\n<p><a href=\"https:\/\/www.cab.de\/ftp\/media\/cablabel\/background_cablabel_fr.pdf\" target=\"_blank\" rel=\"noopener noreferrer\"><br \/>\n<\/a><\/ul>\n","protected":false},"excerpt":{"rendered":"<p>L\u2019insertion d\u2019une image en arri\u00e8re-plan dans cablabel S3, vous permet de positionner plus facilement les objets sur une \u00e9tiquette pr\u00e9-imprim\u00e9e, et aussi d\u2019avoir un meilleur aper\u00e7u du r\u00e9sultat final. Pour ins\u00e9rer rapidement une image : 1) Il faut que le &hellip; <a href=\"https:\/\/www.cablabel.com\/fr\/2015\/12\/17\/arriere-plan-pour-etiquette-pre-imprimee\/\">Continuer la lecture <span class=\"meta-nav\">&rarr;<\/span><\/a><\/p>\n","protected":false},"author":5,"featured_media":0,"comment_status":"closed","ping_status":"closed","sticky":false,"template":"","format":"standard","meta":{"footnotes":""},"categories":[26,9],"tags":[20,19],"class_list":["post-159","post","type-post","status-publish","format-standard","hentry","category-conception","category-exemples","tag-fond","tag-image"],"_links":{"self":[{"href":"https:\/\/www.cablabel.com\/fr\/wp-json\/wp\/v2\/posts\/159","targetHints":{"allow":["GET"]}}],"collection":[{"href":"https:\/\/www.cablabel.com\/fr\/wp-json\/wp\/v2\/posts"}],"about":[{"href":"https:\/\/www.cablabel.com\/fr\/wp-json\/wp\/v2\/types\/post"}],"author":[{"embeddable":true,"href":"https:\/\/www.cablabel.com\/fr\/wp-json\/wp\/v2\/users\/5"}],"replies":[{"embeddable":true,"href":"https:\/\/www.cablabel.com\/fr\/wp-json\/wp\/v2\/comments?post=159"}],"version-history":[{"count":21,"href":"https:\/\/www.cablabel.com\/fr\/wp-json\/wp\/v2\/posts\/159\/revisions"}],"predecessor-version":[{"id":851,"href":"https:\/\/www.cablabel.com\/fr\/wp-json\/wp\/v2\/posts\/159\/revisions\/851"}],"wp:attachment":[{"href":"https:\/\/www.cablabel.com\/fr\/wp-json\/wp\/v2\/media?parent=159"}],"wp:term":[{"taxonomy":"category","embeddable":true,"href":"https:\/\/www.cablabel.com\/fr\/wp-json\/wp\/v2\/categories?post=159"},{"taxonomy":"post_tag","embeddable":true,"href":"https:\/\/www.cablabel.com\/fr\/wp-json\/wp\/v2\/tags?post=159"}],"curies":[{"name":"wp","href":"https:\/\/api.w.org\/{rel}","templated":true}]}}