{"id":276,"date":"2016-07-28T16:41:53","date_gmt":"2016-07-28T14:41:53","guid":{"rendered":"http:\/\/www.cablabel.com\/fr\/?p=276"},"modified":"2025-03-26T09:47:15","modified_gmt":"2025-03-26T08:47:15","slug":"cablabel-s3-pro-version-1-0-7-0","status":"publish","type":"post","link":"https:\/\/www.cablabel.com\/fr\/2016\/07\/28\/cablabel-s3-pro-version-1-0-7-0\/","title":{"rendered":"cablabel S3 Pro version 1.0.7.0"},"content":{"rendered":"<p>Cette version de cablabel S3 apporte de nombreuses am\u00e9liorations, avec notamment la possibilit\u00e9 d\u2019ins\u00e9rer les caract\u00e8res sp\u00e9ciaux de fa\u00e7on visuelle.<br \/>\nPour acc\u00e9der \u00e0 cette nouvelle fonctionnalit\u00e9, il suffit de faire un clic droit dans un champ \u00e9ditable d\u2019un texte, d\u2019une formule ou d\u2019un code \u00e0 barres.<\/p>\n<p><a href=\"https:\/\/www.cablabel.com\/fr\/wp-content\/uploads\/sites\/3\/2016\/07\/character_map_fr.png\"><img decoding=\"async\" title=\"Table des caract\u00e8res\" src=\"https:\/\/www.cablabel.com\/fr\/wp-content\/uploads\/sites\/3\/2016\/07\/character_map_fr.png\" alt=\"Table des caract\u00e8res\" \/><\/a><\/p>\n<p>Depuis cette table des caract\u00e8res, vous pouvez facilement ins\u00e9rer des lettres accentu\u00e9es et des symboles non pr\u00e9sents sur votre clavier, ou d\u2019autres caract\u00e8res non imprimables comme par exemple un retour chariot, un s\u00e9parateur de groupe, ainsi que ceux utilis\u00e9s dans les codes \u00e0 barres.<\/p>\n<p><strong>Pr\u00e9caution :<\/strong> \u00c0 partir de cette version, Windows XP n\u2019est plus support\u00e9.<\/p>\n<p>Pour mettre \u00e0 jour cablabel S3, t\u00e9l\u00e9charger le Setup depuis notre site internet, puis lancer l\u2019installation par-dessus votre version actuelle : <a href=\"https:\/\/www.cab.de\/fr\/marquage\/logiciels\/cablabel_s3\/#software\" target=\"_blank\" rel=\"noopener noreferrer\">Logiciels cab<\/a><\/p>\n<p>T\u00e9l\u00e9charger le fichier exemple :<\/p>\n<ul>\n<li><a href=\"https:\/\/www.cab.de\/ftp\/media\/cablabel\/list_with_separator.stc\"><strong>Liste avec s\u00e9parateur de groupe<\/strong> (STC, 100 Ko)<\/a><\/li>\n<\/ul>\n","protected":false},"excerpt":{"rendered":"<p>Cette version de cablabel S3 apporte de nombreuses am\u00e9liorations, avec notamment la possibilit\u00e9 d\u2019ins\u00e9rer les caract\u00e8res sp\u00e9ciaux de fa\u00e7on visuelle. Pour acc\u00e9der \u00e0 cette nouvelle fonctionnalit\u00e9, il suffit de faire un clic droit dans un champ \u00e9ditable d\u2019un texte, d\u2019une &hellip; <a href=\"https:\/\/www.cablabel.com\/fr\/2016\/07\/28\/cablabel-s3-pro-version-1-0-7-0\/\">Continuer la lecture <span class=\"meta-nav\">&rarr;<\/span><\/a><\/p>\n","protected":false},"author":5,"featured_media":0,"comment_status":"closed","ping_status":"closed","sticky":false,"template":"","format":"standard","meta":{"footnotes":""},"categories":[26,9],"tags":[23,14,37],"class_list":["post-276","post","type-post","status-publish","format-standard","hentry","category-conception","category-exemples","tag-caracteres-speciaux","tag-formule","tag-version"],"_links":{"self":[{"href":"https:\/\/www.cablabel.com\/fr\/wp-json\/wp\/v2\/posts\/276","targetHints":{"allow":["GET"]}}],"collection":[{"href":"https:\/\/www.cablabel.com\/fr\/wp-json\/wp\/v2\/posts"}],"about":[{"href":"https:\/\/www.cablabel.com\/fr\/wp-json\/wp\/v2\/types\/post"}],"author":[{"embeddable":true,"href":"https:\/\/www.cablabel.com\/fr\/wp-json\/wp\/v2\/users\/5"}],"replies":[{"embeddable":true,"href":"https:\/\/www.cablabel.com\/fr\/wp-json\/wp\/v2\/comments?post=276"}],"version-history":[{"count":17,"href":"https:\/\/www.cablabel.com\/fr\/wp-json\/wp\/v2\/posts\/276\/revisions"}],"predecessor-version":[{"id":1264,"href":"https:\/\/www.cablabel.com\/fr\/wp-json\/wp\/v2\/posts\/276\/revisions\/1264"}],"wp:attachment":[{"href":"https:\/\/www.cablabel.com\/fr\/wp-json\/wp\/v2\/media?parent=276"}],"wp:term":[{"taxonomy":"category","embeddable":true,"href":"https:\/\/www.cablabel.com\/fr\/wp-json\/wp\/v2\/categories?post=276"},{"taxonomy":"post_tag","embeddable":true,"href":"https:\/\/www.cablabel.com\/fr\/wp-json\/wp\/v2\/tags?post=276"}],"curies":[{"name":"wp","href":"https:\/\/api.w.org\/{rel}","templated":true}]}}