{"id":392,"date":"2017-07-04T15:02:04","date_gmt":"2017-07-04T13:02:04","guid":{"rendered":"http:\/\/www.cablabel.com\/fr\/?p=392"},"modified":"2025-03-26T09:46:20","modified_gmt":"2025-03-26T08:46:20","slug":"reinitialiser-le-numero-de-serie-dune-etiquette-sur-la-carte-memoire","status":"publish","type":"post","link":"https:\/\/www.cablabel.com\/fr\/2017\/07\/04\/reinitialiser-le-numero-de-serie-dune-etiquette-sur-la-carte-memoire\/","title":{"rendered":"R\u00e9initialiser le num\u00e9ro de s\u00e9rie d\u2019une \u00e9tiquette sur la carte m\u00e9moire"},"content":{"rendered":"<p>Vous souhaitez stocker sur la carte m\u00e9moire de votre imprimante cab, une \u00e9tiquette contenant un num\u00e9ro de s\u00e9rie ? Et par exemple en cas de changement de date, automatiquement r\u00e9initialiser le num\u00e9ro de s\u00e9rie ?<\/p>\n<p>Pour cela, cablabel S3 Pro offre depuis la version 1.1.0.2 la nouvelle cat\u00e9gorie de formules \u00ab Fichiers mode autonome \u00bb.<\/p>\n<p>Avec celles-ci, il est possible de lire les fichiers LOG et TMP pr\u00e9sents sur la carte m\u00e9moire, de les mettre \u00e0 jour avec le jour, le mois ou l\u2019ann\u00e9e correspondant, puis de les enregistrer \u00e0 nouveau sur la carte. Le manuel de programmation de votre imprimante cab fournit plus d\u2019informations sur ces commandes.<\/p>\n<p>T\u00e9l\u00e9charger le manuel de programmation depuis :<\/p>\n<ul>\n<li><a href=\"https:\/\/www.cab.de\/media\/pushfile.cfm?file=153\"><strong>Programming Manual en anglais<\/strong> (PDF, 15 Mo)<\/a><\/li>\n<li><a href=\"https:\/\/www.cab.de\/media\/pushfile.cfm?file=2436\"><strong>Programmierhandbuch en allemand<\/strong> (PDF, 15 Mo)<\/a><\/li>\n<\/ul>\n<p>Consulter les exemples d\u2019\u00e9tiquettes avec r\u00e9initialisation du num\u00e9ro de s\u00e9rie :<\/p>\n<ul>\n<li><a href=\"https:\/\/www.cab.de\/ftp\/media\/cablabel\/reset-label-sn.zip\"><strong>Explication reset compteur<\/strong> (ZIP, 1 Mo)<\/a><\/li>\n<\/ul>\n","protected":false},"excerpt":{"rendered":"<p>Vous souhaitez stocker sur la carte m\u00e9moire de votre imprimante cab, une \u00e9tiquette contenant un num\u00e9ro de s\u00e9rie ? Et par exemple en cas de changement de date, automatiquement r\u00e9initialiser le num\u00e9ro de s\u00e9rie ? Pour cela, cablabel S3 Pro &hellip; <a href=\"https:\/\/www.cablabel.com\/fr\/2017\/07\/04\/reinitialiser-le-numero-de-serie-dune-etiquette-sur-la-carte-memoire\/\">Continuer la lecture <span class=\"meta-nav\">&rarr;<\/span><\/a><\/p>\n","protected":false},"author":5,"featured_media":0,"comment_status":"closed","ping_status":"closed","sticky":false,"template":"","format":"standard","meta":{"footnotes":""},"categories":[26,9],"tags":[14,43,37],"class_list":["post-392","post","type-post","status-publish","format-standard","hentry","category-conception","category-exemples","tag-formule","tag-mode-autonome","tag-version"],"_links":{"self":[{"href":"https:\/\/www.cablabel.com\/fr\/wp-json\/wp\/v2\/posts\/392","targetHints":{"allow":["GET"]}}],"collection":[{"href":"https:\/\/www.cablabel.com\/fr\/wp-json\/wp\/v2\/posts"}],"about":[{"href":"https:\/\/www.cablabel.com\/fr\/wp-json\/wp\/v2\/types\/post"}],"author":[{"embeddable":true,"href":"https:\/\/www.cablabel.com\/fr\/wp-json\/wp\/v2\/users\/5"}],"replies":[{"embeddable":true,"href":"https:\/\/www.cablabel.com\/fr\/wp-json\/wp\/v2\/comments?post=392"}],"version-history":[{"count":16,"href":"https:\/\/www.cablabel.com\/fr\/wp-json\/wp\/v2\/posts\/392\/revisions"}],"predecessor-version":[{"id":409,"href":"https:\/\/www.cablabel.com\/fr\/wp-json\/wp\/v2\/posts\/392\/revisions\/409"}],"wp:attachment":[{"href":"https:\/\/www.cablabel.com\/fr\/wp-json\/wp\/v2\/media?parent=392"}],"wp:term":[{"taxonomy":"category","embeddable":true,"href":"https:\/\/www.cablabel.com\/fr\/wp-json\/wp\/v2\/categories?post=392"},{"taxonomy":"post_tag","embeddable":true,"href":"https:\/\/www.cablabel.com\/fr\/wp-json\/wp\/v2\/tags?post=392"}],"curies":[{"name":"wp","href":"https:\/\/api.w.org\/{rel}","templated":true}]}}