{"id":413,"date":"2017-09-13T14:06:24","date_gmt":"2017-09-13T12:06:24","guid":{"rendered":"http:\/\/www.cablabel.com\/fr\/?p=413"},"modified":"2025-03-26T09:46:05","modified_gmt":"2025-03-26T08:46:05","slug":"plugin-des-informations-variables","status":"publish","type":"post","link":"https:\/\/www.cablabel.com\/fr\/2017\/09\/13\/plugin-des-informations-variables\/","title":{"rendered":"Plugin des informations Variables"},"content":{"rendered":"<p>Permet d&rsquo;ins\u00e9rer diverses informations variables du pilote ou de l\u2019ordinateur dans votre \u00e9tiquette.<\/p>\n<p><a href=\"https:\/\/www.cablabel.com\/fr\/wp-content\/uploads\/sites\/3\/2017\/09\/Variables-01_fr.png\"><img decoding=\"async\" title=\"Informations Variables\" alt=\"Informations Variables\" src=\"https:\/\/www.cablabel.com\/fr\/wp-content\/uploads\/sites\/3\/2017\/09\/Variables-01_fr.png\"><\/a><\/p>\n<p>Pour utiliser cette possibilit\u00e9, il suffit :<br \/>\n1) D\u2019ins\u00e9rer ou d\u2019\u00e9diter un objet texte.<br \/>\n2) Puis de s\u00e9lectionner la variable souhait\u00e9e dans l&rsquo;onglet \u00ab Source de donn\u00e9es \u00bb.<\/p>\n<p><a href=\"https:\/\/www.cablabel.com\/fr\/wp-content\/uploads\/sites\/3\/2017\/09\/Variables-02_fr.png\"><img decoding=\"async\" title=\"Source de donn\u00e9es\" alt=\"Source de donn\u00e9es\" src=\"https:\/\/www.cablabel.com\/fr\/wp-content\/uploads\/sites\/3\/2017\/09\/Variables-02_fr.png\"><\/a><\/p>\n<p>Plus de d\u00e9tails sont \u00e9galement disponibles dans le <a href=\"https:\/\/www.cab.de\/media\/pushfile.cfm?file=2174\">Manuel d\u2019utilisation du logiciel<\/a>.<\/p>\n<p>T\u00e9l\u00e9charger le fichier exemple pour cablabel S3 Pro :<\/p>\n<ul>\n<li><a href=\"https:\/\/www.cab.de\/ftp\/media\/cablabel\/Variables_plugin_fr.stc\"><strong>\u00c9tiquette avec informations variables<\/strong> (STC, 25 Ko)<\/a><\/li>\n<\/ul>\n","protected":false},"excerpt":{"rendered":"<p>Permet d&rsquo;ins\u00e9rer diverses informations variables du pilote ou de l\u2019ordinateur dans votre \u00e9tiquette. Pour utiliser cette possibilit\u00e9, il suffit : 1) D\u2019ins\u00e9rer ou d\u2019\u00e9diter un objet texte. 2) Puis de s\u00e9lectionner la variable souhait\u00e9e dans l&rsquo;onglet \u00ab Source de donn\u00e9es &hellip; <a href=\"https:\/\/www.cablabel.com\/fr\/2017\/09\/13\/plugin-des-informations-variables\/\">Continuer la lecture <span class=\"meta-nav\">&rarr;<\/span><\/a><\/p>\n","protected":false},"author":5,"featured_media":0,"comment_status":"closed","ping_status":"closed","sticky":false,"template":"","format":"standard","meta":{"footnotes":""},"categories":[26,9],"tags":[30],"class_list":["post-413","post","type-post","status-publish","format-standard","hentry","category-conception","category-exemples","tag-variables"],"_links":{"self":[{"href":"https:\/\/www.cablabel.com\/fr\/wp-json\/wp\/v2\/posts\/413","targetHints":{"allow":["GET"]}}],"collection":[{"href":"https:\/\/www.cablabel.com\/fr\/wp-json\/wp\/v2\/posts"}],"about":[{"href":"https:\/\/www.cablabel.com\/fr\/wp-json\/wp\/v2\/types\/post"}],"author":[{"embeddable":true,"href":"https:\/\/www.cablabel.com\/fr\/wp-json\/wp\/v2\/users\/5"}],"replies":[{"embeddable":true,"href":"https:\/\/www.cablabel.com\/fr\/wp-json\/wp\/v2\/comments?post=413"}],"version-history":[{"count":13,"href":"https:\/\/www.cablabel.com\/fr\/wp-json\/wp\/v2\/posts\/413\/revisions"}],"predecessor-version":[{"id":843,"href":"https:\/\/www.cablabel.com\/fr\/wp-json\/wp\/v2\/posts\/413\/revisions\/843"}],"wp:attachment":[{"href":"https:\/\/www.cablabel.com\/fr\/wp-json\/wp\/v2\/media?parent=413"}],"wp:term":[{"taxonomy":"category","embeddable":true,"href":"https:\/\/www.cablabel.com\/fr\/wp-json\/wp\/v2\/categories?post=413"},{"taxonomy":"post_tag","embeddable":true,"href":"https:\/\/www.cablabel.com\/fr\/wp-json\/wp\/v2\/tags?post=413"}],"curies":[{"name":"wp","href":"https:\/\/api.w.org\/{rel}","templated":true}]}}