{"id":44,"date":"2014-05-12T08:32:03","date_gmt":"2014-05-12T06:32:03","guid":{"rendered":"http:\/\/www.cablabel.com\/fr\/?p=44"},"modified":"2025-03-26T09:50:10","modified_gmt":"2025-03-26T08:50:10","slug":"cablabel-s3-demo","status":"publish","type":"post","link":"https:\/\/www.cablabel.com\/fr\/2014\/05\/12\/cablabel-s3-demo\/","title":{"rendered":"Existe-t-il une version demo de cablabel S3 Pro ?"},"content":{"rendered":"<p>Oui, vous pouvez t\u00e9l\u00e9charger la version D\u00e9mo en cliquant sur le\u00a0lien ci-dessous.<br \/>\nNous vous transmettrons\u00a0ensuite votre cl\u00e9 d\u2019activation sp\u00e9cifique \u00e0 cette version\u00a0sous 2 jours ouvr\u00e9s.<\/p>\n<ul>\n<li><a title=\"T\u00e9l\u00e9chargement de cablabel S3 DEMO\" href=\"\/\/www.cab.de\/fr\/information\/contact\/?demo\" target=\"_blank\" rel=\"noopener noreferrer\"><strong>T\u00e9l\u00e9chargez la version D\u00e9mo et demandez votre cl\u00e9 produit<\/strong><\/a><\/li>\n<\/ul>\n<p>Voici les diff\u00e9rences entre la version Pro compl\u00e8te et la version D\u00e9mo :<\/p>\n<ol>\n<li>\u00a0 La version D\u00e9mo est utilisable pendant 30 jours et ne peut \u00eatre activ\u00e9e qu&rsquo;une seule fois.<\/li>\n<li>\u00a0 Lors de l&rsquo;impression les images sont barr\u00e9es et certains caract\u00e8res sont remplac\u00e9s par des X.<\/li>\n<li>\u00a0 Vous ne pouvez imprimer que 10 \u00e9tiquettes\u00a0\u00e0 la fois.<\/li>\n<li>\u00a0 Vous ne pouvez pas ouvrir les \u00e9tiquettes cr\u00e9es avec cablabel S3 Pro.<\/li>\n<li>\u00a0 La visionneuse\u00a0J-Script n&rsquo;est pas disponible.<\/li>\n<li>\u00a0 L&rsquo;enregistrement sur carte m\u00e9moire n&rsquo;est pas possible.<\/li>\n<li>\u00a0 Les fonctionnalit\u00e9s RFID ne sont pas disponibles.<\/li>\n<\/ol>\n<p>Les \u00e9tiquettes cr\u00e9\u00e9es dans la version D\u00e9mo, pourront ensuite \u00eatre ouvertes dans la version compl\u00e8te.<\/p>\n","protected":false},"excerpt":{"rendered":"<p>Oui, vous pouvez t\u00e9l\u00e9charger la version D\u00e9mo en cliquant sur le\u00a0lien ci-dessous. Nous vous transmettrons\u00a0ensuite votre cl\u00e9 d\u2019activation sp\u00e9cifique \u00e0 cette version\u00a0sous 2 jours ouvr\u00e9s. T\u00e9l\u00e9chargez la version D\u00e9mo et demandez votre cl\u00e9 produit Voici les diff\u00e9rences entre la version &hellip; <a href=\"https:\/\/www.cablabel.com\/fr\/2014\/05\/12\/cablabel-s3-demo\/\">Continuer la lecture <span class=\"meta-nav\">&rarr;<\/span><\/a><\/p>\n","protected":false},"author":4,"featured_media":0,"comment_status":"closed","ping_status":"closed","sticky":false,"template":"","format":"standard","meta":{"footnotes":""},"categories":[2],"tags":[16,37],"class_list":["post-44","post","type-post","status-publish","format-standard","hentry","category-general","tag-demo","tag-version"],"_links":{"self":[{"href":"https:\/\/www.cablabel.com\/fr\/wp-json\/wp\/v2\/posts\/44","targetHints":{"allow":["GET"]}}],"collection":[{"href":"https:\/\/www.cablabel.com\/fr\/wp-json\/wp\/v2\/posts"}],"about":[{"href":"https:\/\/www.cablabel.com\/fr\/wp-json\/wp\/v2\/types\/post"}],"author":[{"embeddable":true,"href":"https:\/\/www.cablabel.com\/fr\/wp-json\/wp\/v2\/users\/4"}],"replies":[{"embeddable":true,"href":"https:\/\/www.cablabel.com\/fr\/wp-json\/wp\/v2\/comments?post=44"}],"version-history":[{"count":6,"href":"https:\/\/www.cablabel.com\/fr\/wp-json\/wp\/v2\/posts\/44\/revisions"}],"predecessor-version":[{"id":1273,"href":"https:\/\/www.cablabel.com\/fr\/wp-json\/wp\/v2\/posts\/44\/revisions\/1273"}],"wp:attachment":[{"href":"https:\/\/www.cablabel.com\/fr\/wp-json\/wp\/v2\/media?parent=44"}],"wp:term":[{"taxonomy":"category","embeddable":true,"href":"https:\/\/www.cablabel.com\/fr\/wp-json\/wp\/v2\/categories?post=44"},{"taxonomy":"post_tag","embeddable":true,"href":"https:\/\/www.cablabel.com\/fr\/wp-json\/wp\/v2\/tags?post=44"}],"curies":[{"name":"wp","href":"https:\/\/api.w.org\/{rel}","templated":true}]}}