{"id":756,"date":"2018-11-27T09:00:28","date_gmt":"2018-11-27T08:00:28","guid":{"rendered":"http:\/\/www.cablabel.com\/fr\/?p=756"},"modified":"2020-09-21T11:03:05","modified_gmt":"2020-09-21T09:03:05","slug":"compteur-source-de-donnees","status":"publish","type":"post","link":"https:\/\/www.cablabel.com\/fr\/2018\/11\/27\/compteur-source-de-donnees\/","title":{"rendered":"Compteur avec une valeur de d\u00e9part issue d\u2019une source de donn\u00e9es"},"content":{"rendered":"<p>Lors de la conception de mon \u00e9tiquette, j\u2019ai cr\u00e9\u00e9 un compteur et param\u00e9tr\u00e9 une valeur de d\u00e9part. Mais comment puis-je faire pour modifier cette valeur dynamiquement, sans devoir \u00e9diter \u00e0 chaque fois les propri\u00e9t\u00e9s de mon compteur\u00a0?<\/p>\n<p>Afin de r\u00e9aliser ceci facilement en mode autonome, il suffit :<\/p>\n<ol>\n<li>De cr\u00e9er un champ de saisie demandant la valeur de d\u00e9part.<\/li>\n<li>D\u2019ins\u00e9rer un compteur simple de type num\u00e9rique.<\/li>\n<li>Puis d\u2019additionner les deux valeurs avec une formule.<\/li>\n<\/ol>\n<p><a href=\"https:\/\/www.cablabel.com\/de\/wp-content\/uploads\/sites\/3\/2018\/11\/Counter_with_dynamic_start_fr.png\"><img loading=\"lazy\" decoding=\"async\" class=\"alignnone\" title=\"Compteur avec une valeur de d\u00e9part dynamique\" src=\"https:\/\/www.cablabel.com\/de\/wp-content\/uploads\/sites\/3\/2018\/11\/Counter_with_dynamic_start_fr.png\" alt=\"Compteur avec une valeur de d\u00e9part dynamique\" width=\"846\" height=\"424\" \/><\/a><\/p>\n<p>Et pour aller plus loin, voici une conception plus complexe en mode formulaire avec :<\/p>\n<ul>\n<li>un compteur d\u00e9cr\u00e9mental.<\/li>\n<li>un formatage dynamique par rapport au nombre de chiffres saisis.<\/li>\n<li>une r\u00e9initialisation automatique du compteur, lorsque la valeur actuelle atteint 1.<\/li>\n<\/ul>\n<p><a href=\"https:\/\/www.cablabel.com\/de\/wp-content\/uploads\/sites\/3\/2018\/11\/Counter_decremental_fr.png\"><img loading=\"lazy\" decoding=\"async\" class=\"alignnone\" title=\"Compteur d\u00e9cr\u00e9mental\" src=\"https:\/\/www.cablabel.com\/de\/wp-content\/uploads\/sites\/3\/2018\/11\/Counter_decremental_fr.png\" alt=\"Compteur d\u00e9cr\u00e9mental\" width=\"846\" height=\"424\" \/><\/a><\/p>\n<p><strong>Pr\u00e9caution\u00a0:<\/strong> si une op\u00e9ration de la cat\u00e9gorie \u00ab Math \u00bb est calcul\u00e9e directement par l&rsquo;imprimante (par exemple en utilisant des op\u00e9randes issus d&rsquo;une source de donn\u00e9es), le r\u00e9sultat sera imprim\u00e9 par d\u00e9faut avec 2 chiffres apr\u00e8s la virgule.<br \/>\nPour modifier ce comportement, il faut alors comme dans ces cas, rajouter une op\u00e9ration de \u00ab\u00a0Formatage\u00a0\u00bb.<\/p>\n<p>T\u00e9l\u00e9charger les fichiers exemple pour cablabel S3 Pro :<\/p>\n<ul>\n<li><a href=\"https:\/\/www.cab.de\/ftp\/media\/cablabel\/Counter_with_dynamic_start_fr.stc\"><strong>Compteur avec une valeur de d\u00e9part dynamique<\/strong> (STC, 130 Ko)<\/a><\/li>\n<li><a href=\"https:\/\/www.cab.de\/ftp\/media\/cablabel\/Counter_decremental_fr.stc\"><strong>Compteur d\u00e9cr\u00e9mental<\/strong> (STC, 155 Ko)<\/a><\/li>\n<\/ul>\n","protected":false},"excerpt":{"rendered":"<p>Lors de la conception de mon \u00e9tiquette, j\u2019ai cr\u00e9\u00e9 un compteur et param\u00e9tr\u00e9 une valeur de d\u00e9part. Mais comment puis-je faire pour modifier cette valeur dynamiquement, sans devoir \u00e9diter \u00e0 chaque fois les propri\u00e9t\u00e9s de mon compteur\u00a0? Afin de r\u00e9aliser &hellip; <a href=\"https:\/\/www.cablabel.com\/fr\/2018\/11\/27\/compteur-source-de-donnees\/\">Continuer la lecture <span class=\"meta-nav\">&rarr;<\/span><\/a><\/p>\n","protected":false},"author":2,"featured_media":0,"comment_status":"closed","ping_status":"closed","sticky":false,"template":"","format":"standard","meta":{"footnotes":""},"categories":[26,9],"tags":[25,38,14],"class_list":["post-756","post","type-post","status-publish","format-standard","hentry","category-conception","category-exemples","tag-champ-de-saisie","tag-compteur","tag-formule"],"_links":{"self":[{"href":"https:\/\/www.cablabel.com\/fr\/wp-json\/wp\/v2\/posts\/756","targetHints":{"allow":["GET"]}}],"collection":[{"href":"https:\/\/www.cablabel.com\/fr\/wp-json\/wp\/v2\/posts"}],"about":[{"href":"https:\/\/www.cablabel.com\/fr\/wp-json\/wp\/v2\/types\/post"}],"author":[{"embeddable":true,"href":"https:\/\/www.cablabel.com\/fr\/wp-json\/wp\/v2\/users\/2"}],"replies":[{"embeddable":true,"href":"https:\/\/www.cablabel.com\/fr\/wp-json\/wp\/v2\/comments?post=756"}],"version-history":[{"count":5,"href":"https:\/\/www.cablabel.com\/fr\/wp-json\/wp\/v2\/posts\/756\/revisions"}],"predecessor-version":[{"id":1055,"href":"https:\/\/www.cablabel.com\/fr\/wp-json\/wp\/v2\/posts\/756\/revisions\/1055"}],"wp:attachment":[{"href":"https:\/\/www.cablabel.com\/fr\/wp-json\/wp\/v2\/media?parent=756"}],"wp:term":[{"taxonomy":"category","embeddable":true,"href":"https:\/\/www.cablabel.com\/fr\/wp-json\/wp\/v2\/categories?post=756"},{"taxonomy":"post_tag","embeddable":true,"href":"https:\/\/www.cablabel.com\/fr\/wp-json\/wp\/v2\/tags?post=756"}],"curies":[{"name":"wp","href":"https:\/\/api.w.org\/{rel}","templated":true}]}}