{"id":969,"date":"2020-03-05T15:35:04","date_gmt":"2020-03-05T14:35:04","guid":{"rendered":"http:\/\/www.cablabel.com\/fr\/?p=969"},"modified":"2025-03-26T09:44:19","modified_gmt":"2025-03-26T08:44:19","slug":"comment-definir-correctement-la-mise-en-page-de-mon-etiquette-3eme-partie","status":"publish","type":"post","link":"https:\/\/www.cablabel.com\/fr\/2020\/03\/05\/comment-definir-correctement-la-mise-en-page-de-mon-etiquette-3eme-partie\/","title":{"rendered":"Comment d\u00e9finir correctement la mise en page de mon \u00e9tiquette ? (3\u00e8me partie)"},"content":{"rendered":"<h1>L\u2019orientation<\/h1>\n<p>L\u2019orientation de la mise en page permet de tourner l\u2019\u00e9tiquette enti\u00e8rement \u00e0 l\u2019\u00e9cran, afin d\u2019avoir un meilleur confort de travail dans cablabel S3.<br \/>\nCette orientation est uniquement visuelle et ne change pas l\u2019impression.<\/p>\n<p><a href=\"https:\/\/www.cablabel.com\/fr\/wp-content\/uploads\/sites\/3\/2020\/03\/label_wizard_orientation_fr.png\"><img loading=\"lazy\" decoding=\"async\" class=\"aligncenter wp-image-977 size-full\" title=\"Assistant de cr\u00e9ation d'\u00e9tiquettes\" src=\"https:\/\/www.cablabel.com\/fr\/wp-content\/uploads\/sites\/3\/2020\/03\/label_wizard_orientation_fr.png\" alt=\"Assistant de cr\u00e9ation d'\u00e9tiquettes\" width=\"787\" height=\"575\" srcset=\"https:\/\/www.cablabel.com\/fr\/wp-content\/uploads\/sites\/3\/2020\/03\/label_wizard_orientation_fr.png 787w, https:\/\/www.cablabel.com\/fr\/wp-content\/uploads\/sites\/3\/2020\/03\/label_wizard_orientation_fr-300x219.png 300w, https:\/\/www.cablabel.com\/fr\/wp-content\/uploads\/sites\/3\/2020\/03\/label_wizard_orientation_fr-768x561.png 768w, https:\/\/www.cablabel.com\/fr\/wp-content\/uploads\/sites\/3\/2020\/03\/label_wizard_orientation_fr-411x300.png 411w\" sizes=\"auto, (max-width: 787px) 100vw, 787px\" \/><\/a><\/p>\n<p>Information : les imprimantes cab sont configur\u00e9es par d\u00e9faut en orientation portrait.<\/p>\n<p>Ainsi, lorsque que vous avez par exemple besoin de placer la plupart des objets perpendiculairement \u00e0 la largeur, il est beaucoup plus judicieux de modifier l\u2019orientation de la mise en page, que d&rsquo;appliquer une rotation individuellement \u00e0 chaque objet.<\/p>\n<p><a href=\"https:\/\/www.cablabel.com\/fr\/wp-content\/uploads\/sites\/3\/2020\/03\/label_printout.png\"><img loading=\"lazy\" decoding=\"async\" class=\"aligncenter wp-image-983 size-medium\" title=\"Impression\" src=\"https:\/\/www.cablabel.com\/fr\/wp-content\/uploads\/sites\/3\/2020\/03\/label_printout-300x297.png\" alt=\"Impression\" width=\"300\" height=\"297\" srcset=\"https:\/\/www.cablabel.com\/fr\/wp-content\/uploads\/sites\/3\/2020\/03\/label_printout-300x297.png 300w, https:\/\/www.cablabel.com\/fr\/wp-content\/uploads\/sites\/3\/2020\/03\/label_printout-150x150.png 150w, https:\/\/www.cablabel.com\/fr\/wp-content\/uploads\/sites\/3\/2020\/03\/label_printout-303x300.png 303w, https:\/\/www.cablabel.com\/fr\/wp-content\/uploads\/sites\/3\/2020\/03\/label_printout.png 453w\" sizes=\"auto, (max-width: 300px) 100vw, 300px\" \/><\/a><\/p>\n<p>Dans ce cas il suffit :<\/p>\n<ul>\n<li>Soit de cliquer sur l\u2019ic\u00f4ne <img loading=\"lazy\" decoding=\"async\" class=\"alignnone wp-image-992 size-full\" title=\"Portrait\" src=\"https:\/\/www.cablabel.com\/fr\/wp-content\/uploads\/sites\/3\/2020\/03\/orientation_portrait.png\" alt=\"Portrait\" width=\"22\" height=\"22\" \/> ou <img loading=\"lazy\" decoding=\"async\" class=\"alignnone wp-image-993 size-full\" title=\"Paysage\" src=\"https:\/\/www.cablabel.com\/fr\/wp-content\/uploads\/sites\/3\/2020\/03\/orientation_landscape.png\" alt=\"Paysage\" width=\"20\" height=\"15\" \/> dans la r\u00e8gle du concepteur graphique.<\/li>\n<li>Ou bien de d\u00e9finir l\u2019orientation en paysage dans la mise en page de l\u2019\u00e9tiquette.<\/li>\n<\/ul>\n<p><a href=\"https:\/\/www.cablabel.com\/fr\/wp-content\/uploads\/sites\/3\/2020\/03\/designer_landscape_fr.png\"><img loading=\"lazy\" decoding=\"async\" class=\"aligncenter wp-image-985 size-full\" title=\"Orientation paysage\" src=\"https:\/\/www.cablabel.com\/fr\/wp-content\/uploads\/sites\/3\/2020\/03\/designer_landscape_fr.png\" alt=\"Orientation paysage\" width=\"1252\" height=\"640\" srcset=\"https:\/\/www.cablabel.com\/fr\/wp-content\/uploads\/sites\/3\/2020\/03\/designer_landscape_fr.png 1252w, https:\/\/www.cablabel.com\/fr\/wp-content\/uploads\/sites\/3\/2020\/03\/designer_landscape_fr-300x153.png 300w, https:\/\/www.cablabel.com\/fr\/wp-content\/uploads\/sites\/3\/2020\/03\/designer_landscape_fr-1024x523.png 1024w, https:\/\/www.cablabel.com\/fr\/wp-content\/uploads\/sites\/3\/2020\/03\/designer_landscape_fr-768x393.png 768w, https:\/\/www.cablabel.com\/fr\/wp-content\/uploads\/sites\/3\/2020\/03\/designer_landscape_fr-500x256.png 500w\" sizes=\"auto, (max-width: 1252px) 100vw, 1252px\" \/><\/a><\/p>\n<p>Comme vu dans la 1\u00e8re partie, la taille d\u2019une \u00e9tiquette est ind\u00e9pendante de son orientation. De ce fait, cablabel S3 autorise de d\u00e9finir une mise en page en orientation portrait, qui est plus large que haute. Alors que ce n\u2019est pas toujours aussi ais\u00e9 et parfois m\u00eame impossible avec d\u2019autres logiciels.<\/p>\n<p>De plus, il existe \u00e9galement la possibilit\u00e9 de r\u00e9ellement tourner l\u2019impression. Le r\u00e9glage pr\u00e9vu \u00e0 cet effet se trouve dans l\u2019onglet \u00ab Image d\u2019impression \u00bb de la configuration du p\u00e9riph\u00e9rique.<\/p>\n<p><a href=\"https:\/\/www.cablabel.com\/fr\/wp-content\/uploads\/sites\/3\/2020\/03\/device_settings_fr.png\"><img loading=\"lazy\" decoding=\"async\" class=\"aligncenter wp-image-988 size-full\" title=\"Configuration du p\u00e9riph\u00e9rique\" src=\"https:\/\/www.cablabel.com\/fr\/wp-content\/uploads\/sites\/3\/2020\/03\/device_settings_fr.png\" alt=\"Configuration du p\u00e9riph\u00e9rique\" width=\"462\" height=\"331\" srcset=\"https:\/\/www.cablabel.com\/fr\/wp-content\/uploads\/sites\/3\/2020\/03\/device_settings_fr.png 462w, https:\/\/www.cablabel.com\/fr\/wp-content\/uploads\/sites\/3\/2020\/03\/device_settings_fr-300x215.png 300w, https:\/\/www.cablabel.com\/fr\/wp-content\/uploads\/sites\/3\/2020\/03\/device_settings_fr-419x300.png 419w\" sizes=\"auto, (max-width: 462px) 100vw, 462px\" \/><\/a><\/p>\n<p>Selon l\u2019angle s\u00e9lectionn\u00e9, la position et la rotation de chaque objet de l\u2019\u00e9tiquette, vont \u00eatre automatiquement recalcul\u00e9s dans le code JScript.<br \/>\nCeci permet notamment :<\/p>\n<ul>\n<li>De pivoter l\u2019\u00e9tiquette, afin de l\u2019adapter \u00e0 la largeur d\u2019impression de l\u2019imprimante ou \u00e0 la largeur du ruban.<\/li>\n<li>De choisir le sens de d\u00e9roulement des \u00e9tiquettes, quand celles-ci sont r\u00e9enroul\u00e9es apr\u00e8s l\u2019impression.<\/li>\n<li>D\u2019orienter l\u2019\u00e9tiquette imprim\u00e9e pour la pose de celle-ci via un applicateur, en fonction de l\u2019int\u00e9gration de l\u2019imprimante ou selon le passage du produit.<\/li>\n<li>D\u2019optimiser le cycle \u00ab impression + v\u00e9rification du code \u00e0 barres \u00bb, en orientant l\u2019\u00e9tiquette de telle sorte que le code \u00e0 barres soit imprim\u00e9 et v\u00e9rifi\u00e9 plus t\u00f4t.<\/li>\n<\/ul>\n<p>Bon \u00e0 savoir : l\u2019option \u00ab Sens de sortie 180\u00b0 \u00bb dans l\u2019onglet \u00ab Impression \u00bb correspond \u00e0 la commande JScript \u00ab O R \u00bb.<br \/>\nCette option est coch\u00e9e par d\u00e9faut, afin que les textes non tourn\u00e9s en orientation portrait, s\u2019impriment dans le sens de la lecture.<\/p>\n<p><a href=\"https:\/\/www.cablabel.com\/fr\/wp-content\/uploads\/sites\/3\/2020\/03\/printing_settings_fr.png\"><img loading=\"lazy\" decoding=\"async\" class=\"aligncenter wp-image-998 size-full\" title=\"Configuration du p\u00e9riph\u00e9rique\" src=\"https:\/\/www.cablabel.com\/fr\/wp-content\/uploads\/sites\/3\/2020\/03\/printing_settings_fr.png\" alt=\"Configuration du p\u00e9riph\u00e9rique\" width=\"462\" height=\"452\" srcset=\"https:\/\/www.cablabel.com\/fr\/wp-content\/uploads\/sites\/3\/2020\/03\/printing_settings_fr.png 462w, https:\/\/www.cablabel.com\/fr\/wp-content\/uploads\/sites\/3\/2020\/03\/printing_settings_fr-300x294.png 300w, https:\/\/www.cablabel.com\/fr\/wp-content\/uploads\/sites\/3\/2020\/03\/printing_settings_fr-307x300.png 307w\" sizes=\"auto, (max-width: 462px) 100vw, 462px\" \/><\/a><\/p>\n","protected":false},"excerpt":{"rendered":"<p>L\u2019orientation L\u2019orientation de la mise en page permet de tourner l\u2019\u00e9tiquette enti\u00e8rement \u00e0 l\u2019\u00e9cran, afin d\u2019avoir un meilleur confort de travail dans cablabel S3. Cette orientation est uniquement visuelle et ne change pas l\u2019impression. Information : les imprimantes cab sont &hellip; <a href=\"https:\/\/www.cablabel.com\/fr\/2020\/03\/05\/comment-definir-correctement-la-mise-en-page-de-mon-etiquette-3eme-partie\/\">Continuer la lecture <span class=\"meta-nav\">&rarr;<\/span><\/a><\/p>\n","protected":false},"author":5,"featured_media":0,"comment_status":"closed","ping_status":"closed","sticky":false,"template":"","format":"standard","meta":{"footnotes":""},"categories":[26,10],"tags":[11,32,42],"class_list":["post-969","post","type-post","status-publish","format-standard","hentry","category-conception","category-configuration","tag-imprimante","tag-mise-en-page","tag-orientation"],"_links":{"self":[{"href":"https:\/\/www.cablabel.com\/fr\/wp-json\/wp\/v2\/posts\/969","targetHints":{"allow":["GET"]}}],"collection":[{"href":"https:\/\/www.cablabel.com\/fr\/wp-json\/wp\/v2\/posts"}],"about":[{"href":"https:\/\/www.cablabel.com\/fr\/wp-json\/wp\/v2\/types\/post"}],"author":[{"embeddable":true,"href":"https:\/\/www.cablabel.com\/fr\/wp-json\/wp\/v2\/users\/5"}],"replies":[{"embeddable":true,"href":"https:\/\/www.cablabel.com\/fr\/wp-json\/wp\/v2\/comments?post=969"}],"version-history":[{"count":25,"href":"https:\/\/www.cablabel.com\/fr\/wp-json\/wp\/v2\/posts\/969\/revisions"}],"predecessor-version":[{"id":1008,"href":"https:\/\/www.cablabel.com\/fr\/wp-json\/wp\/v2\/posts\/969\/revisions\/1008"}],"wp:attachment":[{"href":"https:\/\/www.cablabel.com\/fr\/wp-json\/wp\/v2\/media?parent=969"}],"wp:term":[{"taxonomy":"category","embeddable":true,"href":"https:\/\/www.cablabel.com\/fr\/wp-json\/wp\/v2\/categories?post=969"},{"taxonomy":"post_tag","embeddable":true,"href":"https:\/\/www.cablabel.com\/fr\/wp-json\/wp\/v2\/tags?post=969"}],"curies":[{"name":"wp","href":"https:\/\/api.w.org\/{rel}","templated":true}]}}